{"id":1907,"date":"2021-12-01T17:39:53","date_gmt":"2021-12-01T17:39:53","guid":{"rendered":"https:\/\/www.schuetzenverein-holdorf.de\/?p=1907"},"modified":"2021-12-01T17:42:36","modified_gmt":"2021-12-01T17:42:36","slug":"schuetze-des-jahres-2021","status":"publish","type":"post","link":"https:\/\/www.schuetzenverein-holdorf.de\/?p=1907","title":{"rendered":"Sch\u00fctze des Jahres 2021"},"content":{"rendered":"\n<p>Auf dem Sch\u00fctzenball des Sch\u00fctzenvereins Holdorf von 1861 e.V. wurde Ralf Gottkehaskamp zum Sch\u00fctzen des Jahres 2021 ausgezeichnet. <\/p>\n\n\n\n<figure class=\"wp-block-gallery columns-1 is-cropped wp-block-gallery-1 is-layout-flex wp-block-gallery-is-layout-flex\"><ul class=\"blocks-gallery-grid\"><li class=\"blocks-gallery-item\"><figure><a href=\"https:\/\/www.schuetzenverein-holdorf.de\/wp-content\/uploads\/2021\/12\/img_1542-1.jpg\"><img loading=\"lazy\" decoding=\"async\" width=\"1153\" height=\"1856\" src=\"https:\/\/www.schuetzenverein-holdorf.de\/wp-content\/uploads\/2021\/12\/img_1542-1.jpg\" data-id=\"1905\" class=\"wp-image-1905\" srcset=\"https:\/\/www.schuetzenverein-holdorf.de\/wp-content\/uploads\/2021\/12\/img_1542-1.jpg 1153w, https:\/\/www.schuetzenverein-holdorf.de\/wp-content\/uploads\/2021\/12\/img_1542-1-186x300.jpg 186w, https:\/\/www.schuetzenverein-holdorf.de\/wp-content\/uploads\/2021\/12\/img_1542-1-636x1024.jpg 636w, https:\/\/www.schuetzenverein-holdorf.de\/wp-content\/uploads\/2021\/12\/img_1542-1-768x1236.jpg 768w, https:\/\/www.schuetzenverein-holdorf.de\/wp-content\/uploads\/2021\/12\/img_1542-1-954x1536.jpg 954w, https:\/\/www.schuetzenverein-holdorf.de\/wp-content\/uploads\/2021\/12\/img_1542-1-508x818.jpg 508w\" sizes=\"auto, (max-width: 1153px) 100vw, 1153px\" \/><\/a><\/figure><\/li><\/ul><figcaption class=\"blocks-gallery-caption\">Ralf Gottkehaskamp<\/figcaption><\/figure>\n\n\n\n<p><\/p>\n\n\n\n<p>Ralf ist seit \u00fcber 35 Jahren Mitglied des Sch\u00fctzenvereins. Schon seit \u00fcber 25 Jahren arbeitet er in der F\u00fchrung der 2. Kompanie mit. Bereits 1996 wurde er zum Spie\u00df der 2. Kompanie gew\u00e4hlt. 2002 stieg er zum Kompanieleutnant auf. Seit 2013 ist Ralf Kompaniechef der 2. Kompanie Heidesch\u00fctzen. Seine Motivation und sein Einsatz f\u00fcr den Verein zeichnen unseren Sch\u00fctzen des Jahres aus.<\/p>\n","protected":false},"excerpt":{"rendered":"<p>Auf dem Sch\u00fctzenball des Sch\u00fctzenvereins Holdorf von 1861 e.V. wurde Ralf Gottkehaskamp zum Sch\u00fctzen des Jahres 2021 ausgezeichnet. Ralf ist seit \u00fcber 35 Jahren Mitglied des Sch\u00fctzenvereins. Schon seit \u00fcber 25 Jahren arbeitet er in der F\u00fchrung der 2. Kompanie mit. Bereits 1996 wurde er zum Spie\u00df der 2. Kompanie gew\u00e4hlt. 2002 stieg er zum [&hellip;]<\/p>\n","protected":false},"author":2,"featured_media":1906,"comment_status":"closed","ping_status":"open","sticky":false,"template":"","format":"standard","meta":{"ngg_post_thumbnail":0,"footnotes":""},"categories":[2],"tags":[11],"class_list":["post-1907","post","type-post","status-publish","format-standard","has-post-thumbnail","hentry","category-schuetzenverein","tag-news"],"_links":{"self":[{"href":"https:\/\/www.schuetzenverein-holdorf.de\/index.php?rest_route=\/wp\/v2\/posts\/1907","targetHints":{"allow":["GET"]}}],"collection":[{"href":"https:\/\/www.schuetzenverein-holdorf.de\/index.php?rest_route=\/wp\/v2\/posts"}],"about":[{"href":"https:\/\/www.schuetzenverein-holdorf.de\/index.php?rest_route=\/wp\/v2\/types\/post"}],"author":[{"embeddable":true,"href":"https:\/\/www.schuetzenverein-holdorf.de\/index.php?rest_route=\/wp\/v2\/users\/2"}],"replies":[{"embeddable":true,"href":"https:\/\/www.schuetzenverein-holdorf.de\/index.php?rest_route=%2Fwp%2Fv2%2Fcomments&post=1907"}],"version-history":[{"count":4,"href":"https:\/\/www.schuetzenverein-holdorf.de\/index.php?rest_route=\/wp\/v2\/posts\/1907\/revisions"}],"predecessor-version":[{"id":1911,"href":"https:\/\/www.schuetzenverein-holdorf.de\/index.php?rest_route=\/wp\/v2\/posts\/1907\/revisions\/1911"}],"wp:featuredmedia":[{"embeddable":true,"href":"https:\/\/www.schuetzenverein-holdorf.de\/index.php?rest_route=\/wp\/v2\/media\/1906"}],"wp:attachment":[{"href":"https:\/\/www.schuetzenverein-holdorf.de\/index.php?rest_route=%2Fwp%2Fv2%2Fmedia&parent=1907"}],"wp:term":[{"taxonomy":"category","embeddable":true,"href":"https:\/\/www.schuetzenverein-holdorf.de\/index.php?rest_route=%2Fwp%2Fv2%2Fcategories&post=1907"},{"taxonomy":"post_tag","embeddable":true,"href":"https:\/\/www.schuetzenverein-holdorf.de\/index.php?rest_route=%2Fwp%2Fv2%2Ftags&post=1907"}],"curies":[{"name":"wp","href":"https:\/\/api.w.org\/{rel}","templated":true}]}}