{"id":4349,"date":"2023-04-30T07:46:56","date_gmt":"2023-04-30T07:46:56","guid":{"rendered":"https:\/\/www.schuetzenverein-holdorf.de\/?p=4349"},"modified":"2023-04-30T07:47:17","modified_gmt":"2023-04-30T07:47:17","slug":"motto-2023","status":"publish","type":"post","link":"https:\/\/www.schuetzenverein-holdorf.de\/?p=4349","title":{"rendered":"Sch\u00fctzenfest Motto 2023"},"content":{"rendered":"\n<p>Auch in diesem Jahr suchen wir wieder ein Sch\u00fctzenfest Motto. Reicht eure Ideen und Vorschl\u00e4ge bis zum 21.05.2023 unter Angabe eures Namens beim zust\u00e4ndigen Kompaniechef oder beim Pr\u00e4sidenten Uwe Landwehr ein. Zur Belohnung winkt die Verleihung des Motto Ordens am Sch\u00fctzenfest Sonntag.<\/p>\n\n\n\n<p><\/p>\n\n\n\n<figure class=\"wp-block-image size-large\"><img loading=\"lazy\" decoding=\"async\" width=\"576\" height=\"1024\" src=\"https:\/\/www.schuetzenverein-holdorf.de\/wp-content\/uploads\/2022\/04\/8fd5df46-d4e6-45d8-b051-367c3afcc295-576x1024.jpg\" alt=\"\" class=\"wp-image-2022\" srcset=\"https:\/\/www.schuetzenverein-holdorf.de\/wp-content\/uploads\/2022\/04\/8fd5df46-d4e6-45d8-b051-367c3afcc295-576x1024.jpg 576w, https:\/\/www.schuetzenverein-holdorf.de\/wp-content\/uploads\/2022\/04\/8fd5df46-d4e6-45d8-b051-367c3afcc295-169x300.jpg 169w, https:\/\/www.schuetzenverein-holdorf.de\/wp-content\/uploads\/2022\/04\/8fd5df46-d4e6-45d8-b051-367c3afcc295-768x1365.jpg 768w, https:\/\/www.schuetzenverein-holdorf.de\/wp-content\/uploads\/2022\/04\/8fd5df46-d4e6-45d8-b051-367c3afcc295-864x1536.jpg 864w, https:\/\/www.schuetzenverein-holdorf.de\/wp-content\/uploads\/2022\/04\/8fd5df46-d4e6-45d8-b051-367c3afcc295-508x903.jpg 508w, https:\/\/www.schuetzenverein-holdorf.de\/wp-content\/uploads\/2022\/04\/8fd5df46-d4e6-45d8-b051-367c3afcc295.jpg 1069w\" sizes=\"auto, (max-width: 576px) 100vw, 576px\" \/><\/figure>\n","protected":false},"excerpt":{"rendered":"<p>Auch in diesem Jahr suchen wir wieder ein Sch\u00fctzenfest Motto. Reicht eure Ideen und Vorschl\u00e4ge bis zum 21.05.2023 unter Angabe eures Namens beim zust\u00e4ndigen Kompaniechef oder beim Pr\u00e4sidenten Uwe Landwehr ein. Zur Belohnung winkt die Verleihung des Motto Ordens am Sch\u00fctzenfest Sonntag.<\/p>\n","protected":false},"author":1,"featured_media":2022,"comment_status":"closed","ping_status":"open","sticky":false,"template":"","format":"standard","meta":{"ngg_post_thumbnail":0,"footnotes":""},"categories":[2],"tags":[11],"class_list":["post-4349","post","type-post","status-publish","format-standard","has-post-thumbnail","hentry","category-schuetzenverein","tag-news"],"_links":{"self":[{"href":"https:\/\/www.schuetzenverein-holdorf.de\/index.php?rest_route=\/wp\/v2\/posts\/4349","targetHints":{"allow":["GET"]}}],"collection":[{"href":"https:\/\/www.schuetzenverein-holdorf.de\/index.php?rest_route=\/wp\/v2\/posts"}],"about":[{"href":"https:\/\/www.schuetzenverein-holdorf.de\/index.php?rest_route=\/wp\/v2\/types\/post"}],"author":[{"embeddable":true,"href":"https:\/\/www.schuetzenverein-holdorf.de\/index.php?rest_route=\/wp\/v2\/users\/1"}],"replies":[{"embeddable":true,"href":"https:\/\/www.schuetzenverein-holdorf.de\/index.php?rest_route=%2Fwp%2Fv2%2Fcomments&post=4349"}],"version-history":[{"count":2,"href":"https:\/\/www.schuetzenverein-holdorf.de\/index.php?rest_route=\/wp\/v2\/posts\/4349\/revisions"}],"predecessor-version":[{"id":4351,"href":"https:\/\/www.schuetzenverein-holdorf.de\/index.php?rest_route=\/wp\/v2\/posts\/4349\/revisions\/4351"}],"wp:featuredmedia":[{"embeddable":true,"href":"https:\/\/www.schuetzenverein-holdorf.de\/index.php?rest_route=\/wp\/v2\/media\/2022"}],"wp:attachment":[{"href":"https:\/\/www.schuetzenverein-holdorf.de\/index.php?rest_route=%2Fwp%2Fv2%2Fmedia&parent=4349"}],"wp:term":[{"taxonomy":"category","embeddable":true,"href":"https:\/\/www.schuetzenverein-holdorf.de\/index.php?rest_route=%2Fwp%2Fv2%2Fcategories&post=4349"},{"taxonomy":"post_tag","embeddable":true,"href":"https:\/\/www.schuetzenverein-holdorf.de\/index.php?rest_route=%2Fwp%2Fv2%2Ftags&post=4349"}],"curies":[{"name":"wp","href":"https:\/\/api.w.org\/{rel}","templated":true}]}}