{"id":4412,"date":"2023-07-17T11:44:04","date_gmt":"2023-07-17T11:44:04","guid":{"rendered":"https:\/\/www.schuetzenverein-holdorf.de\/?p=4412"},"modified":"2023-07-29T11:52:11","modified_gmt":"2023-07-29T11:52:11","slug":"alfred-wernke-preistraeger-2023","status":"publish","type":"post","link":"https:\/\/www.schuetzenverein-holdorf.de\/?p=4412","title":{"rendered":"Alfred Wernke Preistr\u00e4ger 2023"},"content":{"rendered":"\n<p>Der Alfred-Wernke-Ged\u00e4chtnispreis wurde dieses Jahr Oberstleutnant Hubert von Lehmden von der 2. Kompanie Heidesch\u00fctzen verliehen. <\/p>\n\n\n<div class=\"wp-block-image\">\n<figure class=\"aligncenter size-large\"><img loading=\"lazy\" decoding=\"async\" width=\"1024\" height=\"682\" src=\"https:\/\/www.schuetzenverein-holdorf.de\/wp-content\/uploads\/2023\/07\/bimage3084-1024x682.jpg?v=1690631064\" alt=\"\" class=\"wp-image-4413\" srcset=\"https:\/\/www.schuetzenverein-holdorf.de\/wp-content\/uploads\/2023\/07\/bimage3084-1024x682.jpg?v=1690631064 1024w, https:\/\/www.schuetzenverein-holdorf.de\/wp-content\/uploads\/2023\/07\/bimage3084-300x200.jpg?v=1690631064 300w, https:\/\/www.schuetzenverein-holdorf.de\/wp-content\/uploads\/2023\/07\/bimage3084-768x512.jpg?v=1690631064 768w, https:\/\/www.schuetzenverein-holdorf.de\/wp-content\/uploads\/2023\/07\/bimage3084-508x338.jpg?v=1690631064 508w, https:\/\/www.schuetzenverein-holdorf.de\/wp-content\/uploads\/2023\/07\/bimage3084.jpg?v=1690631064 1075w\" sizes=\"auto, (max-width: 1024px) 100vw, 1024px\" \/><figcaption class=\"wp-element-caption\">Hubert von Lehmden mit Pr\u00e4sident Uwe Landwehr und Vize Pr\u00e4sident Matthias Honkomp<\/figcaption><\/figure><\/div>\n\n\n<p>Der Preistr\u00e4ger wurde f\u00fcr sein au\u00dferordentliches Engagement und seine schie\u00dfsportlichen Leistungen ausgezeichnet.<\/p>\n\n\n<div class=\"wp-block-image\">\n<figure class=\"aligncenter size-full\"><img loading=\"lazy\" decoding=\"async\" width=\"481\" height=\"720\" src=\"https:\/\/www.schuetzenverein-holdorf.de\/wp-content\/uploads\/2023\/07\/bimage3085.jpg\" alt=\"\" class=\"wp-image-4414\" srcset=\"https:\/\/www.schuetzenverein-holdorf.de\/wp-content\/uploads\/2023\/07\/bimage3085.jpg?v=1690631072 481w, https:\/\/www.schuetzenverein-holdorf.de\/wp-content\/uploads\/2023\/07\/bimage3085-200x300.jpg?v=1690631072 200w\" sizes=\"auto, (max-width: 481px) 100vw, 481px\" \/><figcaption class=\"wp-element-caption\">Preistr\u00e4ger Huber von Lehmden<\/figcaption><\/figure><\/div>","protected":false},"excerpt":{"rendered":"<p>Der Alfred-Wernke-Ged\u00e4chtnispreis wurde dieses Jahr Oberstleutnant Hubert von Lehmden von der 2. Kompanie Heidesch\u00fctzen verliehen. Der Preistr\u00e4ger wurde f\u00fcr sein au\u00dferordentliches Engagement und seine schie\u00dfsportlichen Leistungen ausgezeichnet.<\/p>\n","protected":false},"author":1,"featured_media":4413,"comment_status":"closed","ping_status":"open","sticky":false,"template":"","format":"standard","meta":{"ngg_post_thumbnail":0,"footnotes":""},"categories":[2],"tags":[11],"class_list":["post-4412","post","type-post","status-publish","format-standard","has-post-thumbnail","hentry","category-schuetzenverein","tag-news"],"_links":{"self":[{"href":"https:\/\/www.schuetzenverein-holdorf.de\/index.php?rest_route=\/wp\/v2\/posts\/4412","targetHints":{"allow":["GET"]}}],"collection":[{"href":"https:\/\/www.schuetzenverein-holdorf.de\/index.php?rest_route=\/wp\/v2\/posts"}],"about":[{"href":"https:\/\/www.schuetzenverein-holdorf.de\/index.php?rest_route=\/wp\/v2\/types\/post"}],"author":[{"embeddable":true,"href":"https:\/\/www.schuetzenverein-holdorf.de\/index.php?rest_route=\/wp\/v2\/users\/1"}],"replies":[{"embeddable":true,"href":"https:\/\/www.schuetzenverein-holdorf.de\/index.php?rest_route=%2Fwp%2Fv2%2Fcomments&post=4412"}],"version-history":[{"count":5,"href":"https:\/\/www.schuetzenverein-holdorf.de\/index.php?rest_route=\/wp\/v2\/posts\/4412\/revisions"}],"predecessor-version":[{"id":4419,"href":"https:\/\/www.schuetzenverein-holdorf.de\/index.php?rest_route=\/wp\/v2\/posts\/4412\/revisions\/4419"}],"wp:featuredmedia":[{"embeddable":true,"href":"https:\/\/www.schuetzenverein-holdorf.de\/index.php?rest_route=\/wp\/v2\/media\/4413"}],"wp:attachment":[{"href":"https:\/\/www.schuetzenverein-holdorf.de\/index.php?rest_route=%2Fwp%2Fv2%2Fmedia&parent=4412"}],"wp:term":[{"taxonomy":"category","embeddable":true,"href":"https:\/\/www.schuetzenverein-holdorf.de\/index.php?rest_route=%2Fwp%2Fv2%2Fcategories&post=4412"},{"taxonomy":"post_tag","embeddable":true,"href":"https:\/\/www.schuetzenverein-holdorf.de\/index.php?rest_route=%2Fwp%2Fv2%2Ftags&post=4412"}],"curies":[{"name":"wp","href":"https:\/\/api.w.org\/{rel}","templated":true}]}}